{"id":2600,"date":"2023-11-19T12:56:30","date_gmt":"2023-11-19T12:56:30","guid":{"rendered":"https:\/\/susigaegriaech.ch\/?p=2600"},"modified":"2023-11-19T12:57:33","modified_gmt":"2023-11-19T12:57:33","slug":"spiezer-laeset-fest","status":"publish","type":"post","link":"https:\/\/susigaegriaech.ch\/?p=2600","title":{"rendered":"Spiezer L\u00e4set Fest"},"content":{"rendered":"","protected":false},"excerpt":{"rendered":"","protected":false},"author":2,"featured_media":2599,"comment_status":"open","ping_status":"closed","sticky":false,"template":"","format":"standard","meta":{"footnotes":""},"categories":[218],"tags":[],"class_list":["post-2600","post","type-post","status-publish","format-standard","has-post-thumbnail","hentry","category-event"],"yoast_head":"<!-- This site is optimized with the Yoast SEO plugin v26.9 - https:\/\/yoast.com\/product\/yoast-seo-wordpress\/ -->\n<title>Spiezer L\u00e4set Fest - Verein Susig\u00e4 Gri\u00e4ch<\/title>\n<meta name=\"robots\" content=\"index, follow, max-snippet:-1, max-image-preview:large, max-video-preview:-1\" \/>\n<link rel=\"canonical\" href=\"https:\/\/susigaegriaech.ch\/?p=2600\" \/>\n<meta property=\"og:locale\" content=\"de_DE\" \/>\n<meta property=\"og:type\" content=\"article\" \/>\n<meta property=\"og:title\" content=\"Spiezer L\u00e4set Fest - Verein Susig\u00e4 Gri\u00e4ch\" \/>\n<meta property=\"og:url\" content=\"https:\/\/susigaegriaech.ch\/?p=2600\" \/>\n<meta property=\"og:site_name\" content=\"Verein Susig\u00e4 Gri\u00e4ch\" \/>\n<meta property=\"article:published_time\" content=\"2023-11-19T12:56:30+00:00\" \/>\n<meta property=\"article:modified_time\" content=\"2023-11-19T12:57:33+00:00\" \/>\n<meta property=\"og:image\" content=\"https:\/\/susigaegriaech.ch\/wp-content\/uploads\/2023\/11\/flyer_laeset_fest_2023.jpg\" \/>\n\t<meta property=\"og:image:width\" content=\"670\" \/>\n\t<meta property=\"og:image:height\" content=\"948\" \/>\n\t<meta property=\"og:image:type\" content=\"image\/jpeg\" \/>\n<meta name=\"author\" content=\"Webadmin\" \/>\n<meta name=\"twitter:card\" content=\"summary_large_image\" \/>\n<meta name=\"twitter:label1\" content=\"Verfasst von\" \/>\n\t<meta name=\"twitter:data1\" content=\"Webadmin\" \/>\n<script type=\"application\/ld+json\" class=\"yoast-schema-graph\">{\"@context\":\"https:\/\/schema.org\",\"@graph\":[{\"@type\":\"Article\",\"@id\":\"https:\/\/susigaegriaech.ch\/?p=2600#article\",\"isPartOf\":{\"@id\":\"https:\/\/susigaegriaech.ch\/?p=2600\"},\"author\":{\"name\":\"Webadmin\",\"@id\":\"https:\/\/susigaegriaech.ch\/#\/schema\/person\/7be357c8393b5cd87881b4b99ac75cfa\"},\"headline\":\"Spiezer L\u00e4set Fest\",\"datePublished\":\"2023-11-19T12:56:30+00:00\",\"dateModified\":\"2023-11-19T12:57:33+00:00\",\"mainEntityOfPage\":{\"@id\":\"https:\/\/susigaegriaech.ch\/?p=2600\"},\"wordCount\":4,\"commentCount\":0,\"image\":{\"@id\":\"https:\/\/susigaegriaech.ch\/?p=2600#primaryimage\"},\"thumbnailUrl\":\"https:\/\/susigaegriaech.ch\/wp-content\/uploads\/2023\/11\/flyer_laeset_fest_2023.jpg\",\"articleSection\":[\"Event\"],\"inLanguage\":\"de\",\"potentialAction\":[{\"@type\":\"CommentAction\",\"name\":\"Comment\",\"target\":[\"https:\/\/susigaegriaech.ch\/?p=2600#respond\"]}]},{\"@type\":\"WebPage\",\"@id\":\"https:\/\/susigaegriaech.ch\/?p=2600\",\"url\":\"https:\/\/susigaegriaech.ch\/?p=2600\",\"name\":\"Spiezer L\u00e4set Fest - Verein Susig\u00e4 Gri\u00e4ch\",\"isPartOf\":{\"@id\":\"https:\/\/susigaegriaech.ch\/#website\"},\"primaryImageOfPage\":{\"@id\":\"https:\/\/susigaegriaech.ch\/?p=2600#primaryimage\"},\"image\":{\"@id\":\"https:\/\/susigaegriaech.ch\/?p=2600#primaryimage\"},\"thumbnailUrl\":\"https:\/\/susigaegriaech.ch\/wp-content\/uploads\/2023\/11\/flyer_laeset_fest_2023.jpg\",\"datePublished\":\"2023-11-19T12:56:30+00:00\",\"dateModified\":\"2023-11-19T12:57:33+00:00\",\"author\":{\"@id\":\"https:\/\/susigaegriaech.ch\/#\/schema\/person\/7be357c8393b5cd87881b4b99ac75cfa\"},\"breadcrumb\":{\"@id\":\"https:\/\/susigaegriaech.ch\/?p=2600#breadcrumb\"},\"inLanguage\":\"de\",\"potentialAction\":[{\"@type\":\"ReadAction\",\"target\":[\"https:\/\/susigaegriaech.ch\/?p=2600\"]}]},{\"@type\":\"ImageObject\",\"inLanguage\":\"de\",\"@id\":\"https:\/\/susigaegriaech.ch\/?p=2600#primaryimage\",\"url\":\"https:\/\/susigaegriaech.ch\/wp-content\/uploads\/2023\/11\/flyer_laeset_fest_2023.jpg\",\"contentUrl\":\"https:\/\/susigaegriaech.ch\/wp-content\/uploads\/2023\/11\/flyer_laeset_fest_2023.jpg\",\"width\":670,\"height\":948},{\"@type\":\"BreadcrumbList\",\"@id\":\"https:\/\/susigaegriaech.ch\/?p=2600#breadcrumb\",\"itemListElement\":[{\"@type\":\"ListItem\",\"position\":1,\"name\":\"Startseite\",\"item\":\"https:\/\/susigaegriaech.ch\/\"},{\"@type\":\"ListItem\",\"position\":2,\"name\":\"Spiezer L\u00e4set Fest\"}]},{\"@type\":\"WebSite\",\"@id\":\"https:\/\/susigaegriaech.ch\/#website\",\"url\":\"https:\/\/susigaegriaech.ch\/\",\"name\":\"Verein Susig\u00e4 Gri\u00e4ch\",\"description\":\"\",\"potentialAction\":[{\"@type\":\"SearchAction\",\"target\":{\"@type\":\"EntryPoint\",\"urlTemplate\":\"https:\/\/susigaegriaech.ch\/?s={search_term_string}\"},\"query-input\":{\"@type\":\"PropertyValueSpecification\",\"valueRequired\":true,\"valueName\":\"search_term_string\"}}],\"inLanguage\":\"de\"},{\"@type\":\"Person\",\"@id\":\"https:\/\/susigaegriaech.ch\/#\/schema\/person\/7be357c8393b5cd87881b4b99ac75cfa\",\"name\":\"Webadmin\",\"image\":{\"@type\":\"ImageObject\",\"inLanguage\":\"de\",\"@id\":\"https:\/\/susigaegriaech.ch\/#\/schema\/person\/image\/\",\"url\":\"https:\/\/secure.gravatar.com\/avatar\/58ca68e9505c483a0744d1af0bcc5d8c9600563c565994f463b06727e552bb54?s=96&d=mm&r=g\",\"contentUrl\":\"https:\/\/secure.gravatar.com\/avatar\/58ca68e9505c483a0744d1af0bcc5d8c9600563c565994f463b06727e552bb54?s=96&d=mm&r=g\",\"caption\":\"Webadmin\"},\"sameAs\":[\"https:\/\/susigaegriaech.ch\"],\"url\":\"https:\/\/susigaegriaech.ch\/?author=2\"}]}<\/script>\n<!-- \/ Yoast SEO plugin. -->","yoast_head_json":{"title":"Spiezer L\u00e4set Fest - Verein Susig\u00e4 Gri\u00e4ch","robots":{"index":"index","follow":"follow","max-snippet":"max-snippet:-1","max-image-preview":"max-image-preview:large","max-video-preview":"max-video-preview:-1"},"canonical":"https:\/\/susigaegriaech.ch\/?p=2600","og_locale":"de_DE","og_type":"article","og_title":"Spiezer L\u00e4set Fest - Verein Susig\u00e4 Gri\u00e4ch","og_url":"https:\/\/susigaegriaech.ch\/?p=2600","og_site_name":"Verein Susig\u00e4 Gri\u00e4ch","article_published_time":"2023-11-19T12:56:30+00:00","article_modified_time":"2023-11-19T12:57:33+00:00","og_image":[{"width":670,"height":948,"url":"https:\/\/susigaegriaech.ch\/wp-content\/uploads\/2023\/11\/flyer_laeset_fest_2023.jpg","type":"image\/jpeg"}],"author":"Webadmin","twitter_card":"summary_large_image","twitter_misc":{"Verfasst von":"Webadmin"},"schema":{"@context":"https:\/\/schema.org","@graph":[{"@type":"Article","@id":"https:\/\/susigaegriaech.ch\/?p=2600#article","isPartOf":{"@id":"https:\/\/susigaegriaech.ch\/?p=2600"},"author":{"name":"Webadmin","@id":"https:\/\/susigaegriaech.ch\/#\/schema\/person\/7be357c8393b5cd87881b4b99ac75cfa"},"headline":"Spiezer L\u00e4set Fest","datePublished":"2023-11-19T12:56:30+00:00","dateModified":"2023-11-19T12:57:33+00:00","mainEntityOfPage":{"@id":"https:\/\/susigaegriaech.ch\/?p=2600"},"wordCount":4,"commentCount":0,"image":{"@id":"https:\/\/susigaegriaech.ch\/?p=2600#primaryimage"},"thumbnailUrl":"https:\/\/susigaegriaech.ch\/wp-content\/uploads\/2023\/11\/flyer_laeset_fest_2023.jpg","articleSection":["Event"],"inLanguage":"de","potentialAction":[{"@type":"CommentAction","name":"Comment","target":["https:\/\/susigaegriaech.ch\/?p=2600#respond"]}]},{"@type":"WebPage","@id":"https:\/\/susigaegriaech.ch\/?p=2600","url":"https:\/\/susigaegriaech.ch\/?p=2600","name":"Spiezer L\u00e4set Fest - Verein Susig\u00e4 Gri\u00e4ch","isPartOf":{"@id":"https:\/\/susigaegriaech.ch\/#website"},"primaryImageOfPage":{"@id":"https:\/\/susigaegriaech.ch\/?p=2600#primaryimage"},"image":{"@id":"https:\/\/susigaegriaech.ch\/?p=2600#primaryimage"},"thumbnailUrl":"https:\/\/susigaegriaech.ch\/wp-content\/uploads\/2023\/11\/flyer_laeset_fest_2023.jpg","datePublished":"2023-11-19T12:56:30+00:00","dateModified":"2023-11-19T12:57:33+00:00","author":{"@id":"https:\/\/susigaegriaech.ch\/#\/schema\/person\/7be357c8393b5cd87881b4b99ac75cfa"},"breadcrumb":{"@id":"https:\/\/susigaegriaech.ch\/?p=2600#breadcrumb"},"inLanguage":"de","potentialAction":[{"@type":"ReadAction","target":["https:\/\/susigaegriaech.ch\/?p=2600"]}]},{"@type":"ImageObject","inLanguage":"de","@id":"https:\/\/susigaegriaech.ch\/?p=2600#primaryimage","url":"https:\/\/susigaegriaech.ch\/wp-content\/uploads\/2023\/11\/flyer_laeset_fest_2023.jpg","contentUrl":"https:\/\/susigaegriaech.ch\/wp-content\/uploads\/2023\/11\/flyer_laeset_fest_2023.jpg","width":670,"height":948},{"@type":"BreadcrumbList","@id":"https:\/\/susigaegriaech.ch\/?p=2600#breadcrumb","itemListElement":[{"@type":"ListItem","position":1,"name":"Startseite","item":"https:\/\/susigaegriaech.ch\/"},{"@type":"ListItem","position":2,"name":"Spiezer L\u00e4set Fest"}]},{"@type":"WebSite","@id":"https:\/\/susigaegriaech.ch\/#website","url":"https:\/\/susigaegriaech.ch\/","name":"Verein Susig\u00e4 Gri\u00e4ch","description":"","potentialAction":[{"@type":"SearchAction","target":{"@type":"EntryPoint","urlTemplate":"https:\/\/susigaegriaech.ch\/?s={search_term_string}"},"query-input":{"@type":"PropertyValueSpecification","valueRequired":true,"valueName":"search_term_string"}}],"inLanguage":"de"},{"@type":"Person","@id":"https:\/\/susigaegriaech.ch\/#\/schema\/person\/7be357c8393b5cd87881b4b99ac75cfa","name":"Webadmin","image":{"@type":"ImageObject","inLanguage":"de","@id":"https:\/\/susigaegriaech.ch\/#\/schema\/person\/image\/","url":"https:\/\/secure.gravatar.com\/avatar\/58ca68e9505c483a0744d1af0bcc5d8c9600563c565994f463b06727e552bb54?s=96&d=mm&r=g","contentUrl":"https:\/\/secure.gravatar.com\/avatar\/58ca68e9505c483a0744d1af0bcc5d8c9600563c565994f463b06727e552bb54?s=96&d=mm&r=g","caption":"Webadmin"},"sameAs":["https:\/\/susigaegriaech.ch"],"url":"https:\/\/susigaegriaech.ch\/?author=2"}]}},"_links":{"self":[{"href":"https:\/\/susigaegriaech.ch\/index.php?rest_route=\/wp\/v2\/posts\/2600","targetHints":{"allow":["GET"]}}],"collection":[{"href":"https:\/\/susigaegriaech.ch\/index.php?rest_route=\/wp\/v2\/posts"}],"about":[{"href":"https:\/\/susigaegriaech.ch\/index.php?rest_route=\/wp\/v2\/types\/post"}],"author":[{"embeddable":true,"href":"https:\/\/susigaegriaech.ch\/index.php?rest_route=\/wp\/v2\/users\/2"}],"replies":[{"embeddable":true,"href":"https:\/\/susigaegriaech.ch\/index.php?rest_route=%2Fwp%2Fv2%2Fcomments&post=2600"}],"version-history":[{"count":2,"href":"https:\/\/susigaegriaech.ch\/index.php?rest_route=\/wp\/v2\/posts\/2600\/revisions"}],"predecessor-version":[{"id":2602,"href":"https:\/\/susigaegriaech.ch\/index.php?rest_route=\/wp\/v2\/posts\/2600\/revisions\/2602"}],"wp:featuredmedia":[{"embeddable":true,"href":"https:\/\/susigaegriaech.ch\/index.php?rest_route=\/wp\/v2\/media\/2599"}],"wp:attachment":[{"href":"https:\/\/susigaegriaech.ch\/index.php?rest_route=%2Fwp%2Fv2%2Fmedia&parent=2600"}],"wp:term":[{"taxonomy":"category","embeddable":true,"href":"https:\/\/susigaegriaech.ch\/index.php?rest_route=%2Fwp%2Fv2%2Fcategories&post=2600"},{"taxonomy":"post_tag","embeddable":true,"href":"https:\/\/susigaegriaech.ch\/index.php?rest_route=%2Fwp%2Fv2%2Ftags&post=2600"}],"curies":[{"name":"wp","href":"https:\/\/api.w.org\/{rel}","templated":true}]}}